{"id":22782,"date":"2021-11-22T14:19:06","date_gmt":"2021-11-22T13:19:06","guid":{"rendered":"https:\/\/www.albris.ch\/?p=22782"},"modified":"2021-11-22T14:23:31","modified_gmt":"2021-11-22T13:23:31","slug":"the-new-restaurant-kochendoerfer","status":"publish","type":"post","link":"https:\/\/www.albris.ch\/en\/das-neue-restaurant-kochendoerfer\/","title":{"rendered":"The new restaurant Kochend\u00f6rfer"},"content":{"rendered":"<div data-elementor-type=\"wp-post\" data-elementor-id=\"22782\" class=\"elementor elementor-22782\" data-elementor-post-type=\"post\">\n\t\t\t\t\t\t<section class=\"elementor-section elementor-top-section elementor-element elementor-element-c5789e3 elementor-section-boxed elementor-section-height-default elementor-section-height-default\" data-id=\"c5789e3\" data-element_type=\"section\" data-e-type=\"section\">\n\t\t\t\t\t\t<div class=\"elementor-container elementor-column-gap-default\">\n\t\t\t\t\t<div class=\"elementor-column elementor-col-100 elementor-top-column elementor-element elementor-element-7d74444\" data-id=\"7d74444\" data-element_type=\"column\" data-e-type=\"column\">\n\t\t\t<div class=\"elementor-widget-wrap elementor-element-populated\">\n\t\t\t\t\t\t<div class=\"elementor-element elementor-element-440578f elementor-widget elementor-widget-heading\" data-id=\"440578f\" data-element_type=\"widget\" data-e-type=\"widget\" data-widget_type=\"heading.default\">\n\t\t\t\t<div class=\"elementor-widget-container\">\n\t\t\t\t\t<h2 class=\"elementor-heading-title elementor-size-default\">&quot;Larch wood has a beautiful reddish color&quot;\n<\/h2>\t\t\t\t<\/div>\n\t\t\t\t<\/div>\n\t\t\t\t<div class=\"elementor-element elementor-element-43163df elementor-widget elementor-widget-heading\" data-id=\"43163df\" data-element_type=\"widget\" data-e-type=\"widget\" data-widget_type=\"heading.default\">\n\t\t\t\t<div class=\"elementor-widget-container\">\n\t\t\t\t\t<h4 class=\"elementor-heading-title elementor-size-default\">The new Kochend\u00f6rfer restaurant attracts attention with its generous seating niches and lots of wood. Guido Manzoni, project manager at the Rominger joinery, explains why he likes to work with local wood.<\/h4>\t\t\t\t<\/div>\n\t\t\t\t<\/div>\n\t\t\t\t<div class=\"elementor-element elementor-element-76282ae elementor-widget elementor-widget-text-editor\" data-id=\"76282ae\" data-element_type=\"widget\" data-e-type=\"widget\" data-widget_type=\"text-editor.default\">\n\t\t\t\t<div class=\"elementor-widget-container\">\n\t\t\t\t\t\t\t\t\t<p>In June 2021 the time had come: After a short but intensive construction period, guests were catered for in the new Kochend\u00f6rfer restaurant for the first time. The spacious room concept has proven itself. The comfortable seating niches ensure cosiness, while the service staff has more space between the tables. The wall paneling and Acoustic ceiling made of larch wood on . Most of this woodwork was carried out by the Rominger joinery from Pontresina. The project manager Guido Manzoni talks about the challenges during the renovation.<\/p><p><strong>Guido Manzoni, how do you like it in the new Kochend\u00f6rfer restaurant?<\/strong><br \/>I used to like to come to Kochend\u00f6rfer&#039;s. regularly and with pleasure. Now I will probably eat here more often (laughs), because I am immensely happy to sit here and look at the woodwork. I am very satisfied with the result.<\/p><p><strong>What are you particularly happy about?<\/strong><br \/>When I look at the surfaces of the cabinets and shelves, they fit perfectly into the wood structure of the wall cladding; the various elements form a uniform course. The pieces of furniture are made with cover slats, while the wall cladding consists largely of solid wood. But the difference is hardly noticeable. I think we solved that very nicely.<\/p><p><strong>Why is the furniture not made with solid wood?<\/strong><br \/>Solid wood lives and changes, which is irrelevant in a large regular table. But a piece of furniture with drawers and doors must not be deformed. That is why the technology with cover lamellas means that the furniture stays straight and does not tear. With a thickness of 7mm, we have very high-quality cover lamellas processed. The sawmill sawed it for us from the same boards as for the wall cladding.<\/p><p><strong>What other challenges?<\/strong><br \/>The short implementation time. We started work in April, and the opening was already in June. In some cases, all of our 15 carpenters were working at the Hotel Albris.<br \/>Procuring the wood was not easy either. If possible, we use wood from the region. But in spring hardly anyone had any wood, either it had not been sawn or it had already been sold. Finally I was able to buy just enough larch wood from a sawmill in Ramosch. The wood was in the Lower Engadine beaten and is of very good quality .<\/p><p><strong>The acoustic ceiling is also noticeable<\/strong><br \/>Yes, it consists of 3000 running meters of visible slats. In addition, there is the substructure and sound insulation made of rock wool. How we can dismantle the ceiling again so that we can access the pipes for the revision of the ventilation system. So I planned everything in modules that were individually ab- and can reassemble .<\/p><p><strong>The Rominger joinery is known for Swiss stone pine furniture. Almost all rooms in the Hotel Albris are also equipped with Swiss pine beds. What makes the Swiss stone pine so special?<\/strong><br \/>Swiss stone pine is very soft, supple and smells intensely. Because it contains essential oils that have a positive effect on the sleeping environment. This is how the sleep heart rate is reduced by up to 10 percent in a Swiss stone pine bed. When my children were small, I could see how much better they were Sleeping pine bed.<br \/>But I also like larch wood. It has a beautiful reddish color, is hard-wearing and the knots are less prominent than with the Arve. Larch looks more modern and is therefore well suited for interior construction like here in Kochend\u00f6rfer&#039;s.<\/p><p><strong>What did you eat the last time you were here?<\/strong><br \/>Fish. I don&#039;t know which one, but it tasted excellent. I usually choose something from the table with the recommendations. I would like to compliment the Kochend\u00f6rfer family and the hotel-Albris- team. Not only for the good food and the courteous service, but also for the courage, to have dared such a large investment in these troubled times.<\/p>\t\t\t\t\t\t\t\t<\/div>\n\t\t\t\t<\/div>\n\t\t\t\t<div class=\"elementor-element elementor-element-e70e8de elementor-widget elementor-widget-image\" data-id=\"e70e8de\" data-element_type=\"widget\" data-e-type=\"widget\" data-widget_type=\"image.default\">\n\t\t\t\t<div class=\"elementor-widget-container\">\n\t\t\t\t\t\t\t\t\t\t\t\t\t\t\t<img fetchpriority=\"high\" decoding=\"async\" width=\"1199\" height=\"800\" src=\"https:\/\/www.albris.ch\/wp-content\/uploads\/2021\/06\/albris_restaurant_neu_4.jpg\" class=\"attachment-full size-full wp-image-18879\" alt=\"\" srcset=\"https:\/\/www.albris.ch\/wp-content\/uploads\/2021\/06\/albris_restaurant_neu_4.jpg 1199w, https:\/\/www.albris.ch\/wp-content\/uploads\/2021\/06\/albris_restaurant_neu_4-770x514.jpg 770w, https:\/\/www.albris.ch\/wp-content\/uploads\/2021\/06\/albris_restaurant_neu_4-300x200.jpg 300w, https:\/\/www.albris.ch\/wp-content\/uploads\/2021\/06\/albris_restaurant_neu_4-1024x683.jpg 1024w, https:\/\/www.albris.ch\/wp-content\/uploads\/2021\/06\/albris_restaurant_neu_4-768x512.jpg 768w, https:\/\/www.albris.ch\/wp-content\/uploads\/2021\/06\/albris_restaurant_neu_4-1080x721.jpg 1080w, https:\/\/www.albris.ch\/wp-content\/uploads\/2021\/06\/albris_restaurant_neu_4-700x467.jpg 700w, https:\/\/www.albris.ch\/wp-content\/uploads\/2021\/06\/albris_restaurant_neu_4-600x400.jpg 600w\" sizes=\"(max-width: 1199px) 100vw, 1199px\" \/>\t\t\t\t\t\t\t\t\t\t\t\t\t\t\t<\/div>\n\t\t\t\t<\/div>\n\t\t\t\t<div class=\"elementor-element elementor-element-a8d2aba elementor-widget elementor-widget-heading\" data-id=\"a8d2aba\" data-element_type=\"widget\" data-e-type=\"widget\" data-widget_type=\"heading.default\">\n\t\t\t\t<div class=\"elementor-widget-container\">\n\t\t\t\t\t<h3 class=\"elementor-heading-title elementor-size-default\">Master carpenter and mountaineer<\/h3>\t\t\t\t<\/div>\n\t\t\t\t<\/div>\n\t\t\t\t<div class=\"elementor-element elementor-element-046a43b elementor-widget elementor-widget-text-editor\" data-id=\"046a43b\" data-element_type=\"widget\" data-e-type=\"widget\" data-widget_type=\"text-editor.default\">\n\t\t\t\t<div class=\"elementor-widget-container\">\n\t\t\t\t\t\t\t\t\t<p><strong>Guido Manzoni<\/strong>, grew up in Samedan, already knew at 13 that he wanted to become a carpenter, although he cut his fingers the first time he \u201csniffed it \u201d. After his apprenticeship and after earning his spurs as a carpenter, he went on a world tour with his girlfriend. Back in Switzerland they married and he enrolled at the well-known wood school in Biel, where he trained as a master craftsman and master carpenter.<\/p><p>He has been working at Rominger since 2007. As a project manager, he mainly sits in the office, calculates offers, draws plans, organizes wood, instructs carpenters, coordinates construction sites. During the work in Kochend\u00f6rfer&#039;s, he was often on site to see that everything runs smoothly. &quot;The collaboration with the Kochend\u00f6rfer family and the architect was very good. I had a lot of freedom and was able to plan details myself. That was a lot of fun,&quot; says Manzoni.<\/p><p>He no longer does carpentry himself. But in his free time he likes to turn or devote himself to model flying. His favorite hobby is mountaineering, so he knows the famous Engadine mountains from above. Guido Manzoni lives in Samedan, has been married for 31 years and has two adult sons.<\/p>\t\t\t\t\t\t\t\t<\/div>\n\t\t\t\t<\/div>\n\t\t\t\t<div class=\"elementor-element elementor-element-2733df8 elementor-widget elementor-widget-image\" data-id=\"2733df8\" data-element_type=\"widget\" data-e-type=\"widget\" data-widget_type=\"image.default\">\n\t\t\t\t<div class=\"elementor-widget-container\">\n\t\t\t\t\t\t\t\t\t\t\t\t\t\t\t<img decoding=\"async\" width=\"1920\" height=\"1280\" src=\"https:\/\/www.albris.ch\/wp-content\/uploads\/2021\/11\/albris_guido_manzoni_portrait.jpg\" class=\"attachment-full size-full wp-image-22788\" alt=\"\" srcset=\"https:\/\/www.albris.ch\/wp-content\/uploads\/2021\/11\/albris_guido_manzoni_portrait.jpg 1920w, https:\/\/www.albris.ch\/wp-content\/uploads\/2021\/11\/albris_guido_manzoni_portrait-770x513.jpg 770w, https:\/\/www.albris.ch\/wp-content\/uploads\/2021\/11\/albris_guido_manzoni_portrait-300x200.jpg 300w, https:\/\/www.albris.ch\/wp-content\/uploads\/2021\/11\/albris_guido_manzoni_portrait-1024x683.jpg 1024w, https:\/\/www.albris.ch\/wp-content\/uploads\/2021\/11\/albris_guido_manzoni_portrait-768x512.jpg 768w, https:\/\/www.albris.ch\/wp-content\/uploads\/2021\/11\/albris_guido_manzoni_portrait-1536x1024.jpg 1536w, https:\/\/www.albris.ch\/wp-content\/uploads\/2021\/11\/albris_guido_manzoni_portrait-18x12.jpg 18w, https:\/\/www.albris.ch\/wp-content\/uploads\/2021\/11\/albris_guido_manzoni_portrait-1080x720.jpg 1080w, https:\/\/www.albris.ch\/wp-content\/uploads\/2021\/11\/albris_guido_manzoni_portrait-700x467.jpg 700w\" sizes=\"(max-width: 1920px) 100vw, 1920px\" \/>\t\t\t\t\t\t\t\t\t\t\t\t\t\t\t<\/div>\n\t\t\t\t<\/div>\n\t\t\t\t\t<\/div>\n\t\t<\/div>\n\t\t\t\t\t<\/div>\n\t\t<\/section>\n\t\t\t\t<\/div>","protected":false},"excerpt":{"rendered":"<p>\u201eL\u00e4rchenholz hat eine sch\u00f6ne r\u00f6tliche Farbe\u201c Das neue Restaurant Kochend\u00f6rfer f\u00e4llt durch gro\u00dfz\u00fcgige Sitznischen und viel Holz auf. Guido Manzoni, Projektleiter der Schreinerei Rominger, erkl\u00e4rt, warum er gerne mit einheimischem Holz arbeitet. Im Juni 2021 war es so weit: Nach einer kurzen, aber intensiven Bauzeit sind erstmals G\u00e4ste im neuen Restaurant Kochend\u00f6rfer bewirtet worden. Das [&hellip;]<\/p>\n","protected":false},"author":1,"featured_media":18875,"comment_status":"closed","ping_status":"closed","sticky":false,"template":"","format":"standard","meta":{"footnotes":""},"categories":[],"tags":[],"class_list":["post-22782","post","type-post","status-publish","format-standard","has-post-thumbnail","hentry"],"yoast_head":"<!-- This site is optimized with the Yoast SEO plugin v27.4 - https:\/\/yoast.com\/product\/yoast-seo-wordpress\/ -->\n<title>Das neue Restaurant Kochend\u00f6rfer - Hotel Albris Pontresina<\/title>\n<meta name=\"robots\" content=\"index, follow, max-snippet:-1, max-image-preview:large, max-video-preview:-1\" \/>\n<link rel=\"canonical\" href=\"https:\/\/www.albris.ch\/en\/the-new-restaurant-kochendoerfer\/\" \/>\n<meta property=\"og:locale\" content=\"en_GB\" \/>\n<meta property=\"og:type\" content=\"article\" \/>\n<meta property=\"og:title\" content=\"Das neue Restaurant Kochend\u00f6rfer - Hotel Albris Pontresina\" \/>\n<meta property=\"og:description\" content=\"\u201eL\u00e4rchenholz hat eine sch\u00f6ne r\u00f6tliche Farbe\u201c Das neue Restaurant Kochend\u00f6rfer f\u00e4llt durch gro\u00dfz\u00fcgige Sitznischen und viel Holz auf. Guido Manzoni, Projektleiter der Schreinerei Rominger, erkl\u00e4rt, warum er gerne mit einheimischem Holz arbeitet. Im Juni 2021 war es so weit: Nach einer kurzen, aber intensiven Bauzeit sind erstmals G\u00e4ste im neuen Restaurant Kochend\u00f6rfer bewirtet worden. Das [&hellip;]\" \/>\n<meta property=\"og:url\" content=\"https:\/\/www.albris.ch\/en\/the-new-restaurant-kochendoerfer\/\" \/>\n<meta property=\"og:site_name\" content=\"Hotel Albris Pontresina\" \/>\n<meta property=\"article:publisher\" content=\"https:\/\/www.facebook.com\/KOCHEND%c3%96RFERS-HOTEL-ALBRIS-Pontresina-Switzerland-133357763361393\" \/>\n<meta property=\"article:published_time\" content=\"2021-11-22T13:19:06+00:00\" \/>\n<meta property=\"article:modified_time\" content=\"2021-11-22T13:23:31+00:00\" \/>\n<meta property=\"og:image\" content=\"https:\/\/www.albris.ch\/wp-content\/uploads\/2021\/06\/albris_restaurant_neu_24.jpg\" \/>\n\t<meta property=\"og:image:width\" content=\"1199\" \/>\n\t<meta property=\"og:image:height\" content=\"800\" \/>\n\t<meta property=\"og:image:type\" content=\"image\/jpeg\" \/>\n<meta name=\"author\" content=\"designterminal\" \/>\n<meta name=\"twitter:card\" content=\"summary_large_image\" \/>\n<meta name=\"twitter:label1\" content=\"Written by\" \/>\n\t<meta name=\"twitter:data1\" content=\"designterminal\" \/>\n\t<meta name=\"twitter:label2\" content=\"Estimated reading time\" \/>\n\t<meta name=\"twitter:data2\" content=\"4 minutes\" \/>\n<script type=\"application\/ld+json\" class=\"yoast-schema-graph\">{\"@context\":\"https:\\\/\\\/schema.org\",\"@graph\":[{\"@type\":\"Article\",\"@id\":\"https:\\\/\\\/www.albris.ch\\\/das-neue-restaurant-kochendoerfer\\\/#article\",\"isPartOf\":{\"@id\":\"https:\\\/\\\/www.albris.ch\\\/das-neue-restaurant-kochendoerfer\\\/\"},\"author\":{\"name\":\"designterminal\",\"@id\":\"https:\\\/\\\/www.albris.ch\\\/#\\\/schema\\\/person\\\/e359abb1b274ce48cc2d465f8b18b5e3\"},\"headline\":\"Das neue Restaurant Kochend\u00f6rfer\",\"datePublished\":\"2021-11-22T13:19:06+00:00\",\"dateModified\":\"2021-11-22T13:23:31+00:00\",\"mainEntityOfPage\":{\"@id\":\"https:\\\/\\\/www.albris.ch\\\/das-neue-restaurant-kochendoerfer\\\/\"},\"wordCount\":895,\"publisher\":{\"@id\":\"https:\\\/\\\/www.albris.ch\\\/#organization\"},\"image\":{\"@id\":\"https:\\\/\\\/www.albris.ch\\\/das-neue-restaurant-kochendoerfer\\\/#primaryimage\"},\"thumbnailUrl\":\"https:\\\/\\\/www.albris.ch\\\/wp-content\\\/uploads\\\/2021\\\/06\\\/albris_restaurant_neu_24.jpg\",\"inLanguage\":\"en-GB\"},{\"@type\":\"WebPage\",\"@id\":\"https:\\\/\\\/www.albris.ch\\\/das-neue-restaurant-kochendoerfer\\\/\",\"url\":\"https:\\\/\\\/www.albris.ch\\\/das-neue-restaurant-kochendoerfer\\\/\",\"name\":\"Das neue Restaurant Kochend\u00f6rfer - Hotel Albris Pontresina\",\"isPartOf\":{\"@id\":\"https:\\\/\\\/www.albris.ch\\\/#website\"},\"primaryImageOfPage\":{\"@id\":\"https:\\\/\\\/www.albris.ch\\\/das-neue-restaurant-kochendoerfer\\\/#primaryimage\"},\"image\":{\"@id\":\"https:\\\/\\\/www.albris.ch\\\/das-neue-restaurant-kochendoerfer\\\/#primaryimage\"},\"thumbnailUrl\":\"https:\\\/\\\/www.albris.ch\\\/wp-content\\\/uploads\\\/2021\\\/06\\\/albris_restaurant_neu_24.jpg\",\"datePublished\":\"2021-11-22T13:19:06+00:00\",\"dateModified\":\"2021-11-22T13:23:31+00:00\",\"breadcrumb\":{\"@id\":\"https:\\\/\\\/www.albris.ch\\\/das-neue-restaurant-kochendoerfer\\\/#breadcrumb\"},\"inLanguage\":\"en-GB\",\"potentialAction\":[{\"@type\":\"ReadAction\",\"target\":[\"https:\\\/\\\/www.albris.ch\\\/das-neue-restaurant-kochendoerfer\\\/\"]}]},{\"@type\":\"ImageObject\",\"inLanguage\":\"en-GB\",\"@id\":\"https:\\\/\\\/www.albris.ch\\\/das-neue-restaurant-kochendoerfer\\\/#primaryimage\",\"url\":\"https:\\\/\\\/www.albris.ch\\\/wp-content\\\/uploads\\\/2021\\\/06\\\/albris_restaurant_neu_24.jpg\",\"contentUrl\":\"https:\\\/\\\/www.albris.ch\\\/wp-content\\\/uploads\\\/2021\\\/06\\\/albris_restaurant_neu_24.jpg\",\"width\":1199,\"height\":800},{\"@type\":\"BreadcrumbList\",\"@id\":\"https:\\\/\\\/www.albris.ch\\\/das-neue-restaurant-kochendoerfer\\\/#breadcrumb\",\"itemListElement\":[{\"@type\":\"ListItem\",\"position\":1,\"name\":\"Home\",\"item\":\"https:\\\/\\\/www.albris.ch\\\/\"},{\"@type\":\"ListItem\",\"position\":2,\"name\":\"Das neue Restaurant Kochend\u00f6rfer\"}]},{\"@type\":\"WebSite\",\"@id\":\"https:\\\/\\\/www.albris.ch\\\/#website\",\"url\":\"https:\\\/\\\/www.albris.ch\\\/\",\"name\":\"Hotel Albris Pontresina\",\"description\":\"Der Name Kochend\u00f6rfer steht seit \u00fcber 100 Jahren f\u00fcr Tradition und hochwertigen Genuss.\",\"publisher\":{\"@id\":\"https:\\\/\\\/www.albris.ch\\\/#organization\"},\"potentialAction\":[{\"@type\":\"SearchAction\",\"target\":{\"@type\":\"EntryPoint\",\"urlTemplate\":\"https:\\\/\\\/www.albris.ch\\\/?s={search_term_string}\"},\"query-input\":{\"@type\":\"PropertyValueSpecification\",\"valueRequired\":true,\"valueName\":\"search_term_string\"}}],\"inLanguage\":\"en-GB\"},{\"@type\":\"Organization\",\"@id\":\"https:\\\/\\\/www.albris.ch\\\/#organization\",\"name\":\"Hotel Albris\",\"url\":\"https:\\\/\\\/www.albris.ch\\\/\",\"logo\":{\"@type\":\"ImageObject\",\"inLanguage\":\"en-GB\",\"@id\":\"https:\\\/\\\/www.albris.ch\\\/#\\\/schema\\\/logo\\\/image\\\/\",\"url\":\"https:\\\/\\\/www.albris.ch\\\/wp-content\\\/uploads\\\/2016\\\/08\\\/albris-logo@1x.png\",\"contentUrl\":\"https:\\\/\\\/www.albris.ch\\\/wp-content\\\/uploads\\\/2016\\\/08\\\/albris-logo@1x.png\",\"width\":182,\"height\":56,\"caption\":\"Hotel Albris\"},\"image\":{\"@id\":\"https:\\\/\\\/www.albris.ch\\\/#\\\/schema\\\/logo\\\/image\\\/\"},\"sameAs\":[\"https:\\\/\\\/www.facebook.com\\\/KOCHEND\u00d6RFERS-HOTEL-ALBRIS-Pontresina-Switzerland-133357763361393\"]},{\"@type\":\"Person\",\"@id\":\"https:\\\/\\\/www.albris.ch\\\/#\\\/schema\\\/person\\\/e359abb1b274ce48cc2d465f8b18b5e3\",\"name\":\"designterminal\",\"image\":{\"@type\":\"ImageObject\",\"inLanguage\":\"en-GB\",\"@id\":\"https:\\\/\\\/secure.gravatar.com\\\/avatar\\\/1bebc75f16a9417a5a5441519a0491ceb941332d6158b2979fc62cf699a83e10?s=96&d=blank&r=g\",\"url\":\"https:\\\/\\\/secure.gravatar.com\\\/avatar\\\/1bebc75f16a9417a5a5441519a0491ceb941332d6158b2979fc62cf699a83e10?s=96&d=blank&r=g\",\"contentUrl\":\"https:\\\/\\\/secure.gravatar.com\\\/avatar\\\/1bebc75f16a9417a5a5441519a0491ceb941332d6158b2979fc62cf699a83e10?s=96&d=blank&r=g\",\"caption\":\"designterminal\"}}]}<\/script>\n<!-- \/ Yoast SEO plugin. -->","yoast_head_json":{"title":"The new restaurant Kochend\u00f6rfer - Hotel Albris Pontresina","robots":{"index":"index","follow":"follow","max-snippet":"max-snippet:-1","max-image-preview":"max-image-preview:large","max-video-preview":"max-video-preview:-1"},"canonical":"https:\/\/www.albris.ch\/en\/the-new-restaurant-kochendoerfer\/","og_locale":"en_GB","og_type":"article","og_title":"Das neue Restaurant Kochend\u00f6rfer - Hotel Albris Pontresina","og_description":"\u201eL\u00e4rchenholz hat eine sch\u00f6ne r\u00f6tliche Farbe\u201c Das neue Restaurant Kochend\u00f6rfer f\u00e4llt durch gro\u00dfz\u00fcgige Sitznischen und viel Holz auf. Guido Manzoni, Projektleiter der Schreinerei Rominger, erkl\u00e4rt, warum er gerne mit einheimischem Holz arbeitet. Im Juni 2021 war es so weit: Nach einer kurzen, aber intensiven Bauzeit sind erstmals G\u00e4ste im neuen Restaurant Kochend\u00f6rfer bewirtet worden. Das [&hellip;]","og_url":"https:\/\/www.albris.ch\/en\/the-new-restaurant-kochendoerfer\/","og_site_name":"Hotel Albris Pontresina","article_publisher":"https:\/\/www.facebook.com\/KOCHEND%c3%96RFERS-HOTEL-ALBRIS-Pontresina-Switzerland-133357763361393","article_published_time":"2021-11-22T13:19:06+00:00","article_modified_time":"2021-11-22T13:23:31+00:00","og_image":[{"width":1199,"height":800,"url":"https:\/\/www.albris.ch\/wp-content\/uploads\/2021\/06\/albris_restaurant_neu_24.jpg","type":"image\/jpeg"}],"author":"designterminal","twitter_card":"summary_large_image","twitter_misc":{"Written by":"designterminal","Estimated reading time":"4 minutes"},"schema":{"@context":"https:\/\/schema.org","@graph":[{"@type":"Article","@id":"https:\/\/www.albris.ch\/das-neue-restaurant-kochendoerfer\/#article","isPartOf":{"@id":"https:\/\/www.albris.ch\/das-neue-restaurant-kochendoerfer\/"},"author":{"name":"designterminal","@id":"https:\/\/www.albris.ch\/#\/schema\/person\/e359abb1b274ce48cc2d465f8b18b5e3"},"headline":"Das neue Restaurant Kochend\u00f6rfer","datePublished":"2021-11-22T13:19:06+00:00","dateModified":"2021-11-22T13:23:31+00:00","mainEntityOfPage":{"@id":"https:\/\/www.albris.ch\/das-neue-restaurant-kochendoerfer\/"},"wordCount":895,"publisher":{"@id":"https:\/\/www.albris.ch\/#organization"},"image":{"@id":"https:\/\/www.albris.ch\/das-neue-restaurant-kochendoerfer\/#primaryimage"},"thumbnailUrl":"https:\/\/www.albris.ch\/wp-content\/uploads\/2021\/06\/albris_restaurant_neu_24.jpg","inLanguage":"en-GB"},{"@type":"WebPage","@id":"https:\/\/www.albris.ch\/das-neue-restaurant-kochendoerfer\/","url":"https:\/\/www.albris.ch\/das-neue-restaurant-kochendoerfer\/","name":"The new restaurant Kochend\u00f6rfer - Hotel Albris Pontresina","isPartOf":{"@id":"https:\/\/www.albris.ch\/#website"},"primaryImageOfPage":{"@id":"https:\/\/www.albris.ch\/das-neue-restaurant-kochendoerfer\/#primaryimage"},"image":{"@id":"https:\/\/www.albris.ch\/das-neue-restaurant-kochendoerfer\/#primaryimage"},"thumbnailUrl":"https:\/\/www.albris.ch\/wp-content\/uploads\/2021\/06\/albris_restaurant_neu_24.jpg","datePublished":"2021-11-22T13:19:06+00:00","dateModified":"2021-11-22T13:23:31+00:00","breadcrumb":{"@id":"https:\/\/www.albris.ch\/das-neue-restaurant-kochendoerfer\/#breadcrumb"},"inLanguage":"en-GB","potentialAction":[{"@type":"ReadAction","target":["https:\/\/www.albris.ch\/das-neue-restaurant-kochendoerfer\/"]}]},{"@type":"ImageObject","inLanguage":"en-GB","@id":"https:\/\/www.albris.ch\/das-neue-restaurant-kochendoerfer\/#primaryimage","url":"https:\/\/www.albris.ch\/wp-content\/uploads\/2021\/06\/albris_restaurant_neu_24.jpg","contentUrl":"https:\/\/www.albris.ch\/wp-content\/uploads\/2021\/06\/albris_restaurant_neu_24.jpg","width":1199,"height":800},{"@type":"BreadcrumbList","@id":"https:\/\/www.albris.ch\/das-neue-restaurant-kochendoerfer\/#breadcrumb","itemListElement":[{"@type":"ListItem","position":1,"name":"Home","item":"https:\/\/www.albris.ch\/"},{"@type":"ListItem","position":2,"name":"Das neue Restaurant Kochend\u00f6rfer"}]},{"@type":"WebSite","@id":"https:\/\/www.albris.ch\/#website","url":"https:\/\/www.albris.ch\/","name":"Hotel Albris Pontresina","description":"The name Kochend\u00f6rfer has stood for tradition and high-quality enjoyment for over 100 years","publisher":{"@id":"https:\/\/www.albris.ch\/#organization"},"potentialAction":[{"@type":"SearchAction","target":{"@type":"EntryPoint","urlTemplate":"https:\/\/www.albris.ch\/?s={search_term_string}"},"query-input":{"@type":"PropertyValueSpecification","valueRequired":true,"valueName":"search_term_string"}}],"inLanguage":"en-GB"},{"@type":"Organization","@id":"https:\/\/www.albris.ch\/#organization","name":"Hotel Albris","url":"https:\/\/www.albris.ch\/","logo":{"@type":"ImageObject","inLanguage":"en-GB","@id":"https:\/\/www.albris.ch\/#\/schema\/logo\/image\/","url":"https:\/\/www.albris.ch\/wp-content\/uploads\/2016\/08\/albris-logo@1x.png","contentUrl":"https:\/\/www.albris.ch\/wp-content\/uploads\/2016\/08\/albris-logo@1x.png","width":182,"height":56,"caption":"Hotel Albris"},"image":{"@id":"https:\/\/www.albris.ch\/#\/schema\/logo\/image\/"},"sameAs":["https:\/\/www.facebook.com\/KOCHEND\u00d6RFERS-HOTEL-ALBRIS-Pontresina-Switzerland-133357763361393"]},{"@type":"Person","@id":"https:\/\/www.albris.ch\/#\/schema\/person\/e359abb1b274ce48cc2d465f8b18b5e3","name":"design terminal","image":{"@type":"ImageObject","inLanguage":"en-GB","@id":"https:\/\/secure.gravatar.com\/avatar\/1bebc75f16a9417a5a5441519a0491ceb941332d6158b2979fc62cf699a83e10?s=96&d=blank&r=g","url":"https:\/\/secure.gravatar.com\/avatar\/1bebc75f16a9417a5a5441519a0491ceb941332d6158b2979fc62cf699a83e10?s=96&d=blank&r=g","contentUrl":"https:\/\/secure.gravatar.com\/avatar\/1bebc75f16a9417a5a5441519a0491ceb941332d6158b2979fc62cf699a83e10?s=96&d=blank&r=g","caption":"designterminal"}}]}},"_links":{"self":[{"href":"https:\/\/www.albris.ch\/en\/wp-json\/wp\/v2\/posts\/22782","targetHints":{"allow":["GET"]}}],"collection":[{"href":"https:\/\/www.albris.ch\/en\/wp-json\/wp\/v2\/posts"}],"about":[{"href":"https:\/\/www.albris.ch\/en\/wp-json\/wp\/v2\/types\/post"}],"author":[{"embeddable":true,"href":"https:\/\/www.albris.ch\/en\/wp-json\/wp\/v2\/users\/1"}],"replies":[{"embeddable":true,"href":"https:\/\/www.albris.ch\/en\/wp-json\/wp\/v2\/comments?post=22782"}],"version-history":[{"count":0,"href":"https:\/\/www.albris.ch\/en\/wp-json\/wp\/v2\/posts\/22782\/revisions"}],"wp:featuredmedia":[{"embeddable":true,"href":"https:\/\/www.albris.ch\/en\/wp-json\/wp\/v2\/media\/18875"}],"wp:attachment":[{"href":"https:\/\/www.albris.ch\/en\/wp-json\/wp\/v2\/media?parent=22782"}],"wp:term":[{"taxonomy":"category","embeddable":true,"href":"https:\/\/www.albris.ch\/en\/wp-json\/wp\/v2\/categories?post=22782"},{"taxonomy":"post_tag","embeddable":true,"href":"https:\/\/www.albris.ch\/en\/wp-json\/wp\/v2\/tags?post=22782"}],"curies":[{"name":"wp","href":"https:\/\/api.w.org\/{rel}","templated":true}]}}